{"id":285,"date":"2011-02-22T13:32:56","date_gmt":"2011-02-22T12:32:56","guid":{"rendered":"http:\/\/wissen-agentur.de\/blog\/?p=285"},"modified":"2017-03-23T20:17:57","modified_gmt":"2017-03-23T18:17:57","slug":"fehlende-hinweise-auf-fachkraftemangel","status":"publish","type":"post","link":"https:\/\/wissen-agentur.de\/blog\/fehlende-hinweise-auf-fachkraftemangel\/","title":{"rendered":"Fehlende Hinweise auf Fachkr\u00e4ftemangel &#8211; Das falsche M\u00e4rchen!"},"content":{"rendered":"<p><a href=\"https:\/\/wissen-agentur.de\/blog\/?p=285\"><img loading=\"lazy\" decoding=\"async\" src=\"https:\/\/www.wissen-agentur.de\/foto-wp-das-maerchen-vom-fachkraeftemangel-text-620x370.jpg\" width=\"620\" height=\"370\" class=\"alignnone size-medium\" \/><\/a><\/p>\n<p><strong>Die schwarz-gelbe Koalition hat den Fachkr\u00e4ftemangel zum Schl\u00fcsselthema gemacht. Doch eine Anfrage der Linken zeigt: Der Bundesregierung fehlen klare Hinweise f\u00fcr eine Verknappung von Arbeitskr\u00e4ften.<\/strong><\/p>\n<p>Wenn es um die Sorgen der <strong><a href=\"https:\/\/www.wissen-agentur.de\/w-vision-brd.html\"><font color=\"#000080\">Unternehmen in Deutschland geht<\/font><\/a><\/strong>, ist Wirtschaftsminister Rainer Br\u00fcderle schnell zur Stelle. So auch beim Thema Fachkr\u00e4ftemangel. Dieser werde &#8222;zum Schl\u00fcsselproblem f\u00fcr den deutschen Arbeitsmarkt&#8220;, sagte der FDP-Politiker im Sommer. Je l\u00e4nger der Aufschwung anhalte, desto gr\u00f6\u00dfer werde das Problem. Seine fachnahen Kollegen im Kabinett &#8211; die Ministerinnen f\u00fcr Bildung und die Arbeit &#8211; sind da ganz seiner Meinung.<\/p>\n<p><a href=\"https:\/\/www.wissen-agentur.de\/w-vision-brd.html\"><img loading=\"lazy\" decoding=\"async\" src=\"https:\/\/www.wissen-agentur.de\/foto-wp-facharbeitermangel-maerchen-250x126.jpg\" alt=\"Pressebericht WordPress Fachkr\u00e4ftemangel\" title=\"Facharbeiter Fachkr\u00e4ftemangel M\u00e4rchen\" width=\"250\" height=\"126\" class=\"alignleft size-full wp-image-296\" \/><\/a><strong>Fachkr\u00e4ftemangel offenbar nicht hinterfragt<\/strong><br \/>\nDoch wie es scheint, haben Br\u00fcderle und seine Kolleginnen den von den gro\u00dfen Wirtschaftsverb\u00e4nden proklamierten Mangel an Fachkr\u00e4ften nie hinterfragt &#8211; und bleiben deshalb nun eine klare Antwort auf eine Anfrage der Linken im Bundestag schuldig. Die Opposition wollte von der Regierung wissen: Wie sieht es tats\u00e4chlich aus mit einer Verknappung von Arbeitskr\u00e4ften in Deutschland? Die Erkl\u00e4rung aus dem Arbeitsministerium, die vorliegt, f\u00e4llt d\u00fcnn aus.<\/p>\n<p>Zun\u00e4chst ist in dem Papier nur von m\u00f6glichen Engp\u00e4ssen und &#8222;L\u00fccken zwischen Arbeitskr\u00e4ftenachfrage und -angebot&#8220;, jedoch nicht explizit von einem Fachkr\u00e4ftemangel die Rede. Auch konkrete Aussagen \u00fcber Branchen und Berufe mit fehlendem Personal bleibt das Arbeitsministerium in seiner Antwort schuldig. Grunds\u00e4tzlich gelte, dass eine erh\u00f6hte Nachfrage bei akademischen und technisch-naturwissenschaftlichen Berufen auftrete, hei\u00dft es lediglich. Au\u00dferdem liege nach Sch\u00e4tzung der Bundesagentur f\u00fcr Arbeit ein Engpass bei Ingenieuren, \u00c4rzten und Pflegern vor.<\/p>\n<p><strong>Linke: &#8222;Scheinheilige Klagen&#8220;<\/strong><br \/>\nDennoch k\u00f6nnten &#8222;nur begrenzt Aussagen dahingehend getroffen werden, welche Fachkr\u00e4ftebedarfe nach Branchen, Regionen und Qualifikationen zu einem bestimmten Zeitpunkt unternehmensgr\u00f6\u00dfenspezifisch in Deutschland vorliegen.&#8220; Die Linken-Abgeordnete Sabine Zimmermann zeigt sich emp\u00f6rt \u00fcber die Antwort. &#8222;Klagen von Arbeitgebern und Regierung \u00fcber einen Fachkr\u00e4ftemangel sind scheinheilig&#8220;, sagte sie. Vielen Menschen werde der Zugang zum Arbeitsmarkt verweigert. Da liege das eigentliche Problem. Von einem Mangel an Fachkr\u00e4ften k\u00f6nne jedoch keinesfalls die Rede sein.<\/p>\n<p><strong>Studie stellt Fachkr\u00e4ftemangel in Frage<\/strong><br \/>\nIm vergangenen November hatte auch das Deutsche Institut f\u00fcr Wirtschaftsforschung (DIW) in einer Studie den Fachkr\u00e4ftemangel als &#8222;Fata Morgana&#8220; bezeichnet. Entgegen der weit verbreiteten Meinung gebe es kein knappes Angebot an Fachkr\u00e4ften. Und wirklich dramatisch werde die Lage auch in Zukunft nicht. Nachtr\u00e4glich relativierte der Autor des DIW seine Aussagen etwas, blieb im Kern aber bei seiner Aussage: Liegt eine Knappheit an Arbeitskr\u00e4ften vor, m\u00fcsste es eine \u00fcberdurchschnittliche Gehaltssteigerung geben. Doch das sei auch im Aufschwung nicht der Fall. <\/p>\n<p><strong>Bewegung bei der Pflege<\/strong><br \/>\nAuch in der Antwort der Bundesregierung l\u00e4sst sich keine sichtbare Verbesserung der Geh\u00e4lter in gefragten Berufen feststellen. Beispiel Gesundheit\/(K\u00f6rper)Pflege: Hier stieg der durchschnittliche Monatslohn im Zeitraum 2000 bis 2009 lediglich von 2233 Euro auf 2421 Euro. Allerdings steigt in diesem Beruf tats\u00e4chlich die Zahl der bei der Bundesagentur f\u00fcr Arbeit registrierten offenen Stellen, zugleich sinkt der Bestand an Arbeitslosen. Linken-Politikerin Zimmermann f\u00fchrt dies jedoch nicht auf einen Mangel an Arbeitskr\u00e4ften zur\u00fcck: &#8222;Wenn Arbeitgeber der Pflegebranche die Besch\u00e4ftigten mit miserablen Arbeitsbedingungen und niedrigen L\u00f6hnen abspeisen, d\u00fcrfen sie sich nicht \u00fcber Personalschwierigkeiten beklagen.&#8220;<br \/>\n(Artikel ver\u00f6ffentlicht am: 21.02.2011)<\/p>\n<p><strong>Zu diesem Thema haben wir einen aktuellen Artikel im M\u00e4rz 2017 und bereits je einen Presseartikel im Jahr 2010 und 2011 ver\u00f6ffentlicht.<\/strong><\/p>\n<p>(Artikel ver\u00f6ffentlicht am: 22.03.2017)<br \/>\n<strong>Aufgedeckt: Arbeitsamt-Analyse entlarvt das M\u00e4rchen vom Fachkr\u00e4ftemangel als dreiste L\u00fcge!<\/strong>  Eine Analyse des Arbeitsamtes zeigt, dass in Deutschland kein fl\u00e4chendeckender Fachkr\u00e4ftemangel existiert. Wer aber hat das M\u00e4rchen in die Welt gesetzt, dass uns Medien und Politik seit Jahren erz\u00e4hlen? Und was hat das mit der Fl\u00fcchtlingskrise und dem Fl\u00fcchtlingswahn zu tun? \u2026 vollst\u00e4ndigen Presseartikel lesen bei WordPress: <strong><a href=\" https:\/\/rettung-fuer-deutschland.de\/blog\/?p=2481\"><font color=\"#000080\"> https:\/\/rettung-fuer-deutschland.de\/blog\/?p=2481<\/font><\/a><\/strong> <\/p>\n<p>(Artikel ver\u00f6ffentlicht am 16.11.2010)<br \/>\n<strong>Das M\u00e4rchen vom Fachkr\u00e4ftemangel.<\/strong> Die deutsche Industrie klagt seit Jahren \u00fcber Mangel an Fachkr\u00e4ften und vermeintlich fatale Folgen f\u00fcr die Wirtschaft. Forscher haben sich die popul\u00e4re These genauer angeguckt &#8211; und sind zu einem eindeutigen Ergebnis gekommen: Sie ist falsch. <strong><a href=\"https:\/\/wissen-agentur.de\/blog\/?p=180\"><font color=\"#000080\">https:\/\/wissen-agentur.de\/blog\/?p=180<\/font><\/a><\/strong><\/p>\n<p><a href=\"https:\/\/www.rettung-fuer-deutschland.de\"><img loading=\"lazy\" decoding=\"async\" src=\"https:\/\/www.rettung-fuer-deutschland.de\/Grafik-Logo-RfD-35.jpg\" width=\"35\" height=\"35\" class=\"alignleft\" \/><\/a><strong><a href=\"https:\/\/www.rettung-fuer-deutschland.de\" title=\"RFD Rettung f\u00fcr Deutschland\"><font color=\"#000080\">RfD Rettung f\u00fcr Deutschland<\/font><\/a><\/strong> &#8211; <a href=\"https:\/\/www.50-erfolgsgrundlagen.de\/\"><img loading=\"lazy\" decoding=\"async\" src=\"https:\/\/www.50-erfolgsgrundlagen.de\/Grafik-WP-Buch-Titelseite-H100.jpg\" width=\"71\" height=\"100\" class=\"alignright\" \/><\/a>Mehr von Autor Uwe Melzer lesen Sie im Buch Wirtschaftshandbuch &#038; Ratgeber f\u00fcr den beruflichen Alltag mit dem Titel: <strong><a href=\"https:\/\/www.50-erfolgsgrundlagen.de\/\"><font color=\"#000080\">50 biblische Erfolgsgrundlagen im Gesch\u00e4ftsleben.<\/font><\/a><\/strong> Dieses Buch\/eBook ist erschienen im <strong><a href=\"https:\/\/www.epubli.de\/shop\/autor\/Uwe-Melzer\/2518\"><font color=\"#000080\">epubli-Verlag unter Buch-ISBN: 978-3-8442-2969-1 und eBook\/ePUB-ISBN: 978-3-8442-0365-3.<\/font><\/a><\/strong><\/p>\n<p><a href=\"https:\/\/www.wissen-agentur.de\"><img loading=\"lazy\" decoding=\"async\" src=\"https:\/\/www.wissen-agentur.de\/Grafik-Logo-Wissen-WP.jpg\" alt=\"WISSEN Agentur\" width=\"308\" height=\"89\" class=\"alignleft\" \/><\/a>E-Mail: <a href=\"mailto:info@wissen-agentur.de\"><font color=\"#000080\">info@wissen-agentur.de<\/font><\/a><br \/>\nInternet: <a href=\"https:\/\/www.wissen-agentur.de\"><font color=\"#000080\">www.wissen-agentur.de<\/font><\/a><br \/>\n<a href=\"https:\/\/twitter.com\/share\" class=\"twitter-share-button\" data-url=\"https:\/\/wissen-agentur.de\/blog\/?p=285\" data-text=\"Fehlende #Hinweise auf #Fachkr\u00e4ftemangel - Das #falsche #M\u00e4rchen:\">Twittern<\/a><script>!function(d,s,id){var js,fjs=d.getElementsByTagName(s)[0];if(!d.getElementById(id)){js=d.createElement(s);js.id=id;js.src=\"\/\/platform.twitter.com\/widgets.js\";fjs.parentNode.insertBefore(js,fjs);}}(document,\"script\",\"twitter-wjs\");<\/script><script type=\"text\/javascript\" src=\"https:\/\/apis.google.com\/js\/plusone.js\"> {lang: 'de'} <\/script><g:plusone><\/g:plusone><\/p>\n<div id=\"fb-root\"><\/div>\n<p><script src=\"https:\/\/connect.facebook.net\/de_DE\/all.js#appId=1353372024723791&amp;xfbml=1\"><\/script><fb:like href=\"https:\/\/wissen-agentur.de\/blog\/?p=285\" send=\"true\" width=\"450\" show_faces=\"true\" font=\"arial\"><\/fb:like><\/p>\n","protected":false},"excerpt":{"rendered":"<p>Die schwarz-gelbe Koalition hat den Fachkr\u00e4ftemangel zum Schl\u00fcsselthema gemacht. Doch eine Anfrage der Linken zeigt: Der Bundesregierung fehlen klare Hinweise f\u00fcr eine Verknappung von Arbeitskr\u00e4ften. Wenn es um die Sorgen der Unternehmen in Deutschland geht, ist Wirtschaftsminister Rainer Br\u00fcderle schnell zur Stelle. So auch beim Thema Fachkr\u00e4ftemangel. Dieser werde &#8222;zum Schl\u00fcsselproblem f\u00fcr den deutschen Arbeitsmarkt&#8220;, sagte der FDP-Politiker im Sommer. Je l\u00e4nger der Aufschwung anhalte, desto gr\u00f6\u00dfer werde das Problem. Seine fachnahen Kollegen im Kabinett &#8211; die Ministerinnen f\u00fcr Bildung und die Arbeit &#8211; sind da ganz seiner Meinung. Fachkr\u00e4ftemangel offenbar nicht hinterfragt! &#8230;&#8230; vollst\u00e4ndigen Artikel lesen bei WordPress: https:\/\/wissen-agentur.de\/blog\/?p=285<\/p>\n","protected":false},"author":33103,"featured_media":0,"comment_status":"open","ping_status":"open","sticky":false,"template":"","format":"standard","meta":{"footnotes":""},"categories":[1,40,12,22,39,38,41,8],"tags":[81,55,328,332,311,315,325,330,80,310,318,320,2135,323,2125,2126,309,326,312,324,321,316,317,334,331,56,327,333,314,319,335,329,2136,218,322,2113],"class_list":["post-285","post","type-post","status-publish","format-standard","hentry","category-allgemein","category-deutschland","category-downloads","category-ebook","category-gesellschaft","category-politik","category-regierung","category-wissen","tag-81","tag-agentur","tag-arbeitgeber","tag-arbeitsbedingungen","tag-arbeitskraften","tag-arbeitsministerium","tag-aufschwung","tag-beschaftigten","tag-buch","tag-bundesregierung","tag-bundestag","tag-deutsche","tag-deutschland","tag-diw","tag-ebook","tag-erfolgsgrundlagen","tag-fachkraftemangel","tag-fata","tag-fdp","tag-gehaltssteigerung","tag-institut","tag-kabinett","tag-linken","tag-lohnen","tag-miserablen","tag-mittelstandsberatung","tag-morgana","tag-niedrigen","tag-online","tag-opposition","tag-personalschwierigkeiten","tag-pflegebranche","tag-regierung","tag-unternehmen","tag-wirtschaftsforschung","tag-wissen"],"_links":{"self":[{"href":"https:\/\/wissen-agentur.de\/blog\/wp-json\/wp\/v2\/posts\/285","targetHints":{"allow":["GET"]}}],"collection":[{"href":"https:\/\/wissen-agentur.de\/blog\/wp-json\/wp\/v2\/posts"}],"about":[{"href":"https:\/\/wissen-agentur.de\/blog\/wp-json\/wp\/v2\/types\/post"}],"author":[{"embeddable":true,"href":"https:\/\/wissen-agentur.de\/blog\/wp-json\/wp\/v2\/users\/33103"}],"replies":[{"embeddable":true,"href":"https:\/\/wissen-agentur.de\/blog\/wp-json\/wp\/v2\/comments?post=285"}],"version-history":[{"count":0,"href":"https:\/\/wissen-agentur.de\/blog\/wp-json\/wp\/v2\/posts\/285\/revisions"}],"wp:attachment":[{"href":"https:\/\/wissen-agentur.de\/blog\/wp-json\/wp\/v2\/media?parent=285"}],"wp:term":[{"taxonomy":"category","embeddable":true,"href":"https:\/\/wissen-agentur.de\/blog\/wp-json\/wp\/v2\/categories?post=285"},{"taxonomy":"post_tag","embeddable":true,"href":"https:\/\/wissen-agentur.de\/blog\/wp-json\/wp\/v2\/tags?post=285"}],"curies":[{"name":"wp","href":"https:\/\/api.w.org\/{rel}","templated":true}]}}